{"id":1599,"date":"2025-11-03T20:18:03","date_gmt":"2025-11-03T20:18:03","guid":{"rendered":"https:\/\/cesog.net\/?p=1599"},"modified":"2025-11-12T17:40:46","modified_gmt":"2025-11-12T17:40:46","slug":"estefania-carcano-garcia","status":"publish","type":"post","link":"https:\/\/cesog.net\/index.php\/2025\/11\/03\/estefania-carcano-garcia\/","title":{"rendered":"Estefania                     Carca\u00f1o Garcia"},"content":{"rendered":"\n<p><\/p>\n\n\n\n<p class=\"has-text-align-center has-ibm-plex-mono-font-family\">Integrante de la Red de Estudiantes del CESOG. <\/p>\n\n\n\n<p class=\"has-text-align-center has-ibm-plex-mono-font-family\">Cursando el d\u00e9cimo semestre de la licenciatura en Econom\u00eda en la UNAM. Estoy interesada en el estudio de las relaciones econ\u00f3micas de M\u00e9xico y Estados Unidos, el crecimiento econ\u00f3mico y la estructura econ\u00f3mica mexicana. <\/p>\n\n\n\n<p class=\"has-text-align-center has-ibm-plex-mono-font-family\">Realic\u00e9 el servicio social en el centro en el 2023, entre mis logros m\u00e1s importantes se encuentra la colaboraci\u00f3n en la elaboraci\u00f3n de estad\u00edsticas y presentaciones. Ahora en 2025 colaboro como becaria, elaboro cuadros y gr\u00e1ficas, realizo la b\u00fasqueda de bibliograf\u00eda especializada, realizaci\u00f3n de res\u00famenes y revisi\u00f3n de contenidos. <\/p>\n\n\n\n<p><\/p>\n","protected":false},"excerpt":{"rendered":"<p>Integrante de la Red de Estudiantes del CESOG. Cursando el d\u00e9cimo semestre de la licenciatura en Econom\u00eda en la UNAM. Estoy interesada en el estudio de las relaciones econ\u00f3micas de M\u00e9xico y Estados Unidos, el crecimiento econ\u00f3mico y la estructura econ\u00f3mica mexicana. Realic\u00e9 el servicio social en el centro en el 2023, entre mis logros [&hellip;]<\/p>\n","protected":false},"author":2,"featured_media":1611,"comment_status":"open","ping_status":"closed","sticky":false,"template":"","format":"standard","meta":{"footnotes":""},"categories":[20],"tags":[],"class_list":["post-1599","post","type-post","status-publish","format-standard","has-post-thumbnail","hentry","category-reddeestudiantes"],"yoast_head":"<!-- This site is optimized with the Yoast SEO plugin v25.6 - https:\/\/yoast.com\/wordpress\/plugins\/seo\/ -->\n<title>Estefania           Carca\u00f1o Garcia - Centro de Estudios del Orden Global<\/title>\n<meta name=\"robots\" content=\"index, follow, max-snippet:-1, max-image-preview:large, max-video-preview:-1\" \/>\n<link rel=\"canonical\" href=\"https:\/\/cesog.net\/index.php\/2025\/11\/03\/estefania-carcano-garcia\/\" \/>\n<meta property=\"og:locale\" content=\"es_MX\" \/>\n<meta property=\"og:type\" content=\"article\" \/>\n<meta property=\"og:title\" content=\"Estefania           Carca\u00f1o Garcia - Centro de Estudios del Orden Global\" \/>\n<meta property=\"og:description\" content=\"Integrante de la Red de Estudiantes del CESOG. Cursando el d\u00e9cimo semestre de la licenciatura en Econom\u00eda en la UNAM. Estoy interesada en el estudio de las relaciones econ\u00f3micas de M\u00e9xico y Estados Unidos, el crecimiento econ\u00f3mico y la estructura econ\u00f3mica mexicana. Realic\u00e9 el servicio social en el centro en el 2023, entre mis logros [&hellip;]\" \/>\n<meta property=\"og:url\" content=\"https:\/\/cesog.net\/index.php\/2025\/11\/03\/estefania-carcano-garcia\/\" \/>\n<meta property=\"og:site_name\" content=\"Centro de Estudios del Orden Global\" \/>\n<meta property=\"article:published_time\" content=\"2025-11-03T20:18:03+00:00\" \/>\n<meta property=\"article:modified_time\" content=\"2025-11-12T17:40:46+00:00\" \/>\n<meta property=\"og:image\" content=\"https:\/\/cesog.net\/wp-content\/uploads\/2025\/11\/IMG_20240111_161218_366.webp\" \/>\n\t<meta property=\"og:image:width\" content=\"720\" \/>\n\t<meta property=\"og:image:height\" content=\"1280\" \/>\n\t<meta property=\"og:image:type\" content=\"image\/webp\" \/>\n<meta name=\"author\" content=\"JoseEscarcega\" \/>\n<meta name=\"twitter:card\" content=\"summary_large_image\" \/>\n<meta name=\"twitter:label1\" content=\"Escrito por\" \/>\n\t<meta name=\"twitter:data1\" content=\"JoseEscarcega\" \/>\n\t<meta name=\"twitter:label2\" content=\"Tiempo de lectura\" \/>\n\t<meta name=\"twitter:data2\" content=\"1 minuto\" \/>\n<script type=\"application\/ld+json\" class=\"yoast-schema-graph\">{\"@context\":\"https:\/\/schema.org\",\"@graph\":[{\"@type\":\"WebPage\",\"@id\":\"https:\/\/cesog.net\/index.php\/2025\/11\/03\/estefania-carcano-garcia\/\",\"url\":\"https:\/\/cesog.net\/index.php\/2025\/11\/03\/estefania-carcano-garcia\/\",\"name\":\"Estefania Carca\u00f1o Garcia - Centro de Estudios del Orden Global\",\"isPartOf\":{\"@id\":\"https:\/\/cesog.net\/#website\"},\"primaryImageOfPage\":{\"@id\":\"https:\/\/cesog.net\/index.php\/2025\/11\/03\/estefania-carcano-garcia\/#primaryimage\"},\"image\":{\"@id\":\"https:\/\/cesog.net\/index.php\/2025\/11\/03\/estefania-carcano-garcia\/#primaryimage\"},\"thumbnailUrl\":\"https:\/\/cesog.net\/wp-content\/uploads\/2025\/11\/IMG_20240111_161218_366.webp\",\"datePublished\":\"2025-11-03T20:18:03+00:00\",\"dateModified\":\"2025-11-12T17:40:46+00:00\",\"author\":{\"@id\":\"https:\/\/cesog.net\/#\/schema\/person\/6662353d8e8aa902f3a7ed64c72c14df\"},\"breadcrumb\":{\"@id\":\"https:\/\/cesog.net\/index.php\/2025\/11\/03\/estefania-carcano-garcia\/#breadcrumb\"},\"inLanguage\":\"es\",\"potentialAction\":[{\"@type\":\"ReadAction\",\"target\":[\"https:\/\/cesog.net\/index.php\/2025\/11\/03\/estefania-carcano-garcia\/\"]}]},{\"@type\":\"ImageObject\",\"inLanguage\":\"es\",\"@id\":\"https:\/\/cesog.net\/index.php\/2025\/11\/03\/estefania-carcano-garcia\/#primaryimage\",\"url\":\"https:\/\/cesog.net\/wp-content\/uploads\/2025\/11\/IMG_20240111_161218_366.webp\",\"contentUrl\":\"https:\/\/cesog.net\/wp-content\/uploads\/2025\/11\/IMG_20240111_161218_366.webp\",\"width\":720,\"height\":1280},{\"@type\":\"BreadcrumbList\",\"@id\":\"https:\/\/cesog.net\/index.php\/2025\/11\/03\/estefania-carcano-garcia\/#breadcrumb\",\"itemListElement\":[{\"@type\":\"ListItem\",\"position\":1,\"name\":\"Portada\",\"item\":\"https:\/\/cesog.net\/\"},{\"@type\":\"ListItem\",\"position\":2,\"name\":\"Estefania Carca\u00f1o Garcia\"}]},{\"@type\":\"WebSite\",\"@id\":\"https:\/\/cesog.net\/#website\",\"url\":\"https:\/\/cesog.net\/\",\"name\":\"Centro de Estudios del Orden Global\",\"description\":\"\",\"potentialAction\":[{\"@type\":\"SearchAction\",\"target\":{\"@type\":\"EntryPoint\",\"urlTemplate\":\"https:\/\/cesog.net\/?s={search_term_string}\"},\"query-input\":{\"@type\":\"PropertyValueSpecification\",\"valueRequired\":true,\"valueName\":\"search_term_string\"}}],\"inLanguage\":\"es\"},{\"@type\":\"Person\",\"@id\":\"https:\/\/cesog.net\/#\/schema\/person\/6662353d8e8aa902f3a7ed64c72c14df\",\"name\":\"JoseEscarcega\",\"image\":{\"@type\":\"ImageObject\",\"inLanguage\":\"es\",\"@id\":\"https:\/\/cesog.net\/#\/schema\/person\/image\/\",\"url\":\"https:\/\/secure.gravatar.com\/avatar\/10eff23b18ca42048f32edfb732b7462d2b30b362e4fe7b1f0db85f168f14a11?s=96&d=mm&r=g\",\"contentUrl\":\"https:\/\/secure.gravatar.com\/avatar\/10eff23b18ca42048f32edfb732b7462d2b30b362e4fe7b1f0db85f168f14a11?s=96&d=mm&r=g\",\"caption\":\"JoseEscarcega\"},\"url\":\"https:\/\/cesog.net\/index.php\/author\/joseescarcega\/\"}]}<\/script>\n<!-- \/ Yoast SEO plugin. -->","yoast_head_json":{"title":"Estefania           Carca\u00f1o Garcia - Centro de Estudios del Orden Global","robots":{"index":"index","follow":"follow","max-snippet":"max-snippet:-1","max-image-preview":"max-image-preview:large","max-video-preview":"max-video-preview:-1"},"canonical":"https:\/\/cesog.net\/index.php\/2025\/11\/03\/estefania-carcano-garcia\/","og_locale":"es_MX","og_type":"article","og_title":"Estefania           Carca\u00f1o Garcia - Centro de Estudios del Orden Global","og_description":"Integrante de la Red de Estudiantes del CESOG. Cursando el d\u00e9cimo semestre de la licenciatura en Econom\u00eda en la UNAM. Estoy interesada en el estudio de las relaciones econ\u00f3micas de M\u00e9xico y Estados Unidos, el crecimiento econ\u00f3mico y la estructura econ\u00f3mica mexicana. Realic\u00e9 el servicio social en el centro en el 2023, entre mis logros [&hellip;]","og_url":"https:\/\/cesog.net\/index.php\/2025\/11\/03\/estefania-carcano-garcia\/","og_site_name":"Centro de Estudios del Orden Global","article_published_time":"2025-11-03T20:18:03+00:00","article_modified_time":"2025-11-12T17:40:46+00:00","og_image":[{"width":720,"height":1280,"url":"https:\/\/cesog.net\/wp-content\/uploads\/2025\/11\/IMG_20240111_161218_366.webp","type":"image\/webp"}],"author":"JoseEscarcega","twitter_card":"summary_large_image","twitter_misc":{"Escrito por":"JoseEscarcega","Tiempo de lectura":"1 minuto"},"schema":{"@context":"https:\/\/schema.org","@graph":[{"@type":"WebPage","@id":"https:\/\/cesog.net\/index.php\/2025\/11\/03\/estefania-carcano-garcia\/","url":"https:\/\/cesog.net\/index.php\/2025\/11\/03\/estefania-carcano-garcia\/","name":"Estefania Carca\u00f1o Garcia - Centro de Estudios del Orden Global","isPartOf":{"@id":"https:\/\/cesog.net\/#website"},"primaryImageOfPage":{"@id":"https:\/\/cesog.net\/index.php\/2025\/11\/03\/estefania-carcano-garcia\/#primaryimage"},"image":{"@id":"https:\/\/cesog.net\/index.php\/2025\/11\/03\/estefania-carcano-garcia\/#primaryimage"},"thumbnailUrl":"https:\/\/cesog.net\/wp-content\/uploads\/2025\/11\/IMG_20240111_161218_366.webp","datePublished":"2025-11-03T20:18:03+00:00","dateModified":"2025-11-12T17:40:46+00:00","author":{"@id":"https:\/\/cesog.net\/#\/schema\/person\/6662353d8e8aa902f3a7ed64c72c14df"},"breadcrumb":{"@id":"https:\/\/cesog.net\/index.php\/2025\/11\/03\/estefania-carcano-garcia\/#breadcrumb"},"inLanguage":"es","potentialAction":[{"@type":"ReadAction","target":["https:\/\/cesog.net\/index.php\/2025\/11\/03\/estefania-carcano-garcia\/"]}]},{"@type":"ImageObject","inLanguage":"es","@id":"https:\/\/cesog.net\/index.php\/2025\/11\/03\/estefania-carcano-garcia\/#primaryimage","url":"https:\/\/cesog.net\/wp-content\/uploads\/2025\/11\/IMG_20240111_161218_366.webp","contentUrl":"https:\/\/cesog.net\/wp-content\/uploads\/2025\/11\/IMG_20240111_161218_366.webp","width":720,"height":1280},{"@type":"BreadcrumbList","@id":"https:\/\/cesog.net\/index.php\/2025\/11\/03\/estefania-carcano-garcia\/#breadcrumb","itemListElement":[{"@type":"ListItem","position":1,"name":"Portada","item":"https:\/\/cesog.net\/"},{"@type":"ListItem","position":2,"name":"Estefania Carca\u00f1o Garcia"}]},{"@type":"WebSite","@id":"https:\/\/cesog.net\/#website","url":"https:\/\/cesog.net\/","name":"Centro de Estudios del Orden Global","description":"","potentialAction":[{"@type":"SearchAction","target":{"@type":"EntryPoint","urlTemplate":"https:\/\/cesog.net\/?s={search_term_string}"},"query-input":{"@type":"PropertyValueSpecification","valueRequired":true,"valueName":"search_term_string"}}],"inLanguage":"es"},{"@type":"Person","@id":"https:\/\/cesog.net\/#\/schema\/person\/6662353d8e8aa902f3a7ed64c72c14df","name":"JoseEscarcega","image":{"@type":"ImageObject","inLanguage":"es","@id":"https:\/\/cesog.net\/#\/schema\/person\/image\/","url":"https:\/\/secure.gravatar.com\/avatar\/10eff23b18ca42048f32edfb732b7462d2b30b362e4fe7b1f0db85f168f14a11?s=96&d=mm&r=g","contentUrl":"https:\/\/secure.gravatar.com\/avatar\/10eff23b18ca42048f32edfb732b7462d2b30b362e4fe7b1f0db85f168f14a11?s=96&d=mm&r=g","caption":"JoseEscarcega"},"url":"https:\/\/cesog.net\/index.php\/author\/joseescarcega\/"}]}},"_links":{"self":[{"href":"https:\/\/cesog.net\/index.php\/wp-json\/wp\/v2\/posts\/1599","targetHints":{"allow":["GET"]}}],"collection":[{"href":"https:\/\/cesog.net\/index.php\/wp-json\/wp\/v2\/posts"}],"about":[{"href":"https:\/\/cesog.net\/index.php\/wp-json\/wp\/v2\/types\/post"}],"author":[{"embeddable":true,"href":"https:\/\/cesog.net\/index.php\/wp-json\/wp\/v2\/users\/2"}],"replies":[{"embeddable":true,"href":"https:\/\/cesog.net\/index.php\/wp-json\/wp\/v2\/comments?post=1599"}],"version-history":[{"count":2,"href":"https:\/\/cesog.net\/index.php\/wp-json\/wp\/v2\/posts\/1599\/revisions"}],"predecessor-version":[{"id":1601,"href":"https:\/\/cesog.net\/index.php\/wp-json\/wp\/v2\/posts\/1599\/revisions\/1601"}],"wp:featuredmedia":[{"embeddable":true,"href":"https:\/\/cesog.net\/index.php\/wp-json\/wp\/v2\/media\/1611"}],"wp:attachment":[{"href":"https:\/\/cesog.net\/index.php\/wp-json\/wp\/v2\/media?parent=1599"}],"wp:term":[{"taxonomy":"category","embeddable":true,"href":"https:\/\/cesog.net\/index.php\/wp-json\/wp\/v2\/categories?post=1599"},{"taxonomy":"post_tag","embeddable":true,"href":"https:\/\/cesog.net\/index.php\/wp-json\/wp\/v2\/tags?post=1599"}],"curies":[{"name":"wp","href":"https:\/\/api.w.org\/{rel}","templated":true}]}}