{"id":215,"date":"2023-09-26T19:30:27","date_gmt":"2023-09-26T19:30:27","guid":{"rendered":"https:\/\/cesog.net\/?p=215"},"modified":"2025-09-06T01:13:17","modified_gmt":"2025-09-06T01:13:17","slug":"jose-vargas-mendoza","status":"publish","type":"post","link":"https:\/\/cesog.net\/index.php\/2023\/09\/26\/jose-vargas-mendoza\/","title":{"rendered":"Jos\u00e9 Vargas Mendoza"},"content":{"rendered":"\n<p><\/p>\n\n\n\n<p>PROFESOR TITULAR C DE TIEMPO COMPLETO DEFINITIVO, FACULTAD DE ECONOM\u00cdA, UNAM.<\/p>\n\n\n\n<p><strong>Formaci\u00f3n acad\u00e9mica<\/strong><\/p>\n\n\n\n<p>Licenciado en Econom\u00eda, Estudios de maestr\u00eda y doctorado en la Facultad de Econom\u00eda, UNAM, con grado de Dr. en Econom\u00eda, por la Divisi\u00f3n de Estudios de Posgrado de la Facultad de Econom\u00eda, UNAM. Diplomado en contabilidad social, Facultad de Econom\u00eda.<\/p>\n\n\n\n<p><strong>\u00c1reas de especialidad:<\/strong><\/p>\n\n\n\n<p>Acumulaci\u00f3n y Crisis en M\u00e9xico<\/p>\n\n\n\n<p>Estado y acumulaci\u00f3n en M\u00e9xico<\/p>\n\n\n\n<p>Econom\u00eda internacional<\/p>\n\n\n\n<p>Econom\u00eda financiera. <strong><\/strong><\/p>\n\n\n\n<p><strong>Experiencia docente<\/strong><\/p>\n\n\n\n<p>Profesor desde 1978 hasta la actualidad en la Facultad de Econom\u00eda, UNAM en el \u00c1rea de Investigaci\u00f3n y An\u00e1lisis Econ\u00f3mico (INAE) y de la materia Estructura Econ\u00f3mica Mundial Actual. Profesor del \u00e1rea de Econom\u00eda Pol\u00edtica de 1982 a 1991, as\u00ed como profesor en el \u00e1rea de Econom\u00edas Aplicadas, impartiendo la materia de Estructura Econ\u00f3mica Mundial Actual de 1994 hasta la actualidad.<\/p>\n\n\n\n<p><strong>EXPERIENCIA PROFESIONAL<\/strong>.<\/p>\n\n\n\n<p>Asesor en la C\u00e1mara de Diputados del Congreso de la Uni\u00f3n de 1998 a 2010 en diversas comisiones legislativas ordinarias y responsable del \u00e1rea presupuestal del Partido del Trabajo durante ese per\u00edodo en la C\u00e1mara de Diputados del Congreso de la Uni\u00f3n.<\/p>\n\n\n\n<p><strong>\u00c1rea de conocimiento<\/strong><\/p>\n\n\n\n<p>Investigaci\u00f3n Econ\u00f3mica y Teor\u00edas Aplicadas<\/p>\n\n\n\n<p><strong>L\u00edneas de investigaci\u00f3n<\/strong><\/p>\n\n\n\n<p>Econom\u00eda mexicana, econom\u00eda mundial, Estado y acumulaci\u00f3n y econom\u00eda financiera<\/p>\n\n\n\n<p><strong>Autor de Libro<\/strong><\/p>\n\n\n\n<p><a href=\"https:\/\/cesog.net\/wp-content\/uploads\/2025\/08\/Libro-version-electronica-2025-1.pdf\">Vargas Mendoza, J. (2014). <em>Nuevo ciclo de endeudamiento externo de la econom\u00eda mexicana<\/em>. Editorial S\u00edsifo<\/a><\/p>\n\n\n\n<p><strong>Art\u00edculos en Libros <\/strong><\/p>\n\n\n\n<ol class=\"wp-block-list\">\n<li><a href=\"http:\/\/www.economia.unam.mx\/assets\/pdfs\/libros\/capitalismo\/ElcapitalismoainiciosdelsigloXXI.pdf\">\u201cEconom\u00eda, poder y gobernanza en M\u00e9xico en el marco del r\u00e9gimen neoliberal y el per\u00edodo de transici\u00f3n actual\u201d, publicado en el libro El capitalismo mundial a principios del siglo XXI, coordinado por el Dr. Miguel \u00c1ngel Rivera Rios y Agust\u00edn Andrade Robles, M\u00e9xico, Facultad de Econom\u00eda, UNAM, 2019 (ver P. 165-204).<\/a><\/li>\n<\/ol>\n\n\n\n<p>\u201cNuevo ciclo de endeudamiento externo del sector privado en M\u00e9xico durante el per\u00edodo 1990-2022\u201d, en Rivera, Miguel \u00c1ngel y Jos\u00e9 Benjam\u00edn Lujano (coordinadores), La econom\u00eda mundial y M\u00e9xico: crisis del capitalismo global, M\u00e9xico, Facultad de Econom\u00eda, UNAM, 2025<\/p>\n\n\n\n<p><a href=\"http:\/\/www.economia.unam.mx\/academia\/inae\/images\/libros\/documentopdf\/diferentesmiradas.pdf\">\u201cCrisis mundial del capitalismo contempor\u00e1neo y consecuencias sobre algunas de las principales variables de la econom\u00eda mexicana\u201d, publicado en el libro, Diferentes miradas de la inserci\u00f3n de M\u00e9xico a la econom\u00eda mundial, coordinado por el Dr. Paulo Humberto Leal Villegas, M\u00e9xico, editado por la Facultad de Econom\u00eda, UNAM, 2020 (ver P. 53-93).<\/a><\/p>\n\n\n\n<p><a href=\"http:\/\/www.redalyc.org\/pdf\/325\/32527004008.pdf\">El endeudamiento de PEMEX y su rol en las transformaciones mundiales, en revista El Cotidiano No. 177, Universidad Aut\u00f3noma Metropolitana, Unidad Azcapotzalco, M\u00e9xico, enero-febrero de 2013<\/a><\/p>\n\n\n\n<p><a href=\"http:\/\/www.economia.unam.mx\/assets\/pdfs\/libros\/capitalismo\/ElcapitalismoainiciosdelsigloXXI.pdf\">Art\u00edculo en libro, \u201cEconom\u00eda, poder y gobernanza en M\u00e9xico en el marco del r\u00e9gimen neoliberal y el per\u00edodo de transici\u00f3n actual\u201d, publicado en el libro El capitalismo mundial a principios del siglo XXI, coordinado por. Miguel \u00c1ngel Rivera R\u00edos y Agust\u00edn Andrade Robles, M\u00e9xico, Facultad de Econom\u00eda, UNAM, 2019.<\/a> <\/p>\n\n\n\n<p><a href=\"https:\/\/issuu.com\/revistaheterodoxus\/docs\/heterodoxus_a6n11\">La Crisis Econ\u00f3mica mundial 2020-20&#8211; y sus repercusiones en las principales variables de la econom\u00eda mexicana, en revista Heterodoxus, a\u00f1o 6, n\u00famero 11, octubre de 2020.<\/a><\/p>\n\n\n\n<p><a href=\"https:\/\/revistas.udec.cl\/index.php\/ran\/article\/view\/7387\/7202\">Coautor de Transformaciones del sistema monetario y financiero internacional en la nueva etapa de desarrollo del capitalismo mundial, en revista Econom\u00eda y Negocios, volumen 8, n\u00famero 2, julio, Universidad de Concepci\u00f3n, Chile.<\/a> <\/p>\n\n\n\n<p><\/p>\n\n\n\n<p><strong>&nbsp;AUTOR DE<\/strong> <strong>ART\u00cdCULOS DE INVESTIGACI\u00d3N EN REVISTAS ARBITRADAS. <\/strong><\/p>\n\n\n\n<p><a href=\"http:\/\/heterodoxus.economia.unam.mx\/pdfs\/a11n13.pdf\">El paquete econ\u00f3mico de la presidenta Claudia Sheinbaum para 2025 en el marco de la continuaci\u00f3n de la incertidumbre econ\u00f3mica mundial. En revista Heterodoxus, a\u00f1o 11, n\u00famero 13, marzo de 2025. P. 9-31.  <\/a><\/p>\n\n\n\n<p><a href=\"http:\/\/www.economia.unam.mx\/assets\/pdfs\/econinfo\/446\/01%20Paquete%20economico.pdf\">El Paquete econ\u00f3mico 2024 del gobierno de L\u00f3pez Obrador en el marco de la incertidumbre econ\u00f3mica mundial, en la revista Econom\u00eda Informa n\u00famero 446, mayo-junio de 2024, Facultad de Econom\u00eda, UNAM<\/a><\/p>\n\n\n\n<p><a href=\"https:\/\/issuu.com\/revistaheterodoxus\/docs\/heterodoxus_a6n11\">\u201cLa Crisis Econ\u00f3mica mundial 2020-20&#8211; y sus repercusiones en las principales variables de la econom\u00eda mexicana\u201d, en revista Heterodoxus, a\u00f1o 6, n\u00famero 11, octubre de 2020<\/a> <\/p>\n\n\n\n<p><a href=\"http:\/\/www.economia.unam.mx\/assets\/pdfs\/econinfo\/425\/01AlfonsoVargas.pdf\">Coautor del art\u00edculo \u201cLas transformaciones del sistema financiero internacional en el marco del capitalismo contempor\u00e1neo, en revista Econom\u00eda Informa n\u00famero 425. Noviembre-diciembre de 2020, Facultad de Econom\u00eda, UNAM<\/a>.<\/p>\n\n\n\n<p><a href=\"https:\/\/issuu.com\/revistaheterodoxus\/docs\/heterodoxusa5n10\">\u201cLa deuda que heredaron los reg\u00edmenes neoliberales al gobierno de L\u00f3pez Obrador\u201d, en revista Heteroduxus, Revista de Investigaci\u00f3n y An\u00e1lisis Econ\u00f3mico A\u00f1o 5. N\u00b0 10. octubre de 2019, M\u00e9xico<\/a>.<\/p>\n\n\n\n<p><a href=\"https:\/\/cesog.net\/wp-content\/uploads\/2025\/09\/Crisis-actual-y-crisis.pdf\">\u201cCrisis actual y Ciclo financiero especulativo en la econom\u00eda mundial y mexicana\u201d, en la Revista internacional Mundo Siglo XXI No. 31, volumen IX, revista del CIECAS, Instituto Polit\u00e9cnico Nacional,, septiembre-diciembre de 2013, M\u00e9xico.<\/a><\/p>\n\n\n\n<p><\/p>\n\n\n\n<p><\/p>\n\n\n\n<p><\/p>\n\n\n\n<p><\/p>\n\n\n\n<p><\/p>\n\n\n\n<p><\/p>\n\n\n\n<p><\/p>\n\n\n\n<p><\/p>\n\n\n\n<p><\/p>\n","protected":false},"excerpt":{"rendered":"<p>PROFESOR TITULAR C DE TIEMPO COMPLETO DEFINITIVO, FACULTAD DE ECONOM\u00cdA, UNAM. Formaci\u00f3n acad\u00e9mica Licenciado en Econom\u00eda, Estudios de maestr\u00eda y doctorado en la Facultad de Econom\u00eda, UNAM, con grado de Dr. en Econom\u00eda, por la Divisi\u00f3n de Estudios de Posgrado de la Facultad de Econom\u00eda, UNAM. Diplomado en contabilidad social, Facultad de Econom\u00eda. \u00c1reas de [&hellip;]<\/p>\n","protected":false},"author":1,"featured_media":134,"comment_status":"open","ping_status":"closed","sticky":false,"template":"","format":"standard","meta":{"footnotes":""},"categories":[19],"tags":[],"class_list":["post-215","post","type-post","status-publish","format-standard","has-post-thumbnail","hentry","category-redinvestigadores"],"yoast_head":"<!-- This site is optimized with the Yoast SEO plugin v25.6 - https:\/\/yoast.com\/wordpress\/plugins\/seo\/ -->\n<title>Jos\u00e9 Vargas Mendoza - Centro de Estudios del Orden Global<\/title>\n<meta name=\"robots\" content=\"index, follow, max-snippet:-1, max-image-preview:large, max-video-preview:-1\" \/>\n<link rel=\"canonical\" href=\"https:\/\/cesog.net\/index.php\/2023\/09\/26\/jose-vargas-mendoza\/\" \/>\n<meta property=\"og:locale\" content=\"es_MX\" \/>\n<meta property=\"og:type\" content=\"article\" \/>\n<meta property=\"og:title\" content=\"Jos\u00e9 Vargas Mendoza - Centro de Estudios del Orden Global\" \/>\n<meta property=\"og:description\" content=\"PROFESOR TITULAR C DE TIEMPO COMPLETO DEFINITIVO, FACULTAD DE ECONOM\u00cdA, UNAM. Formaci\u00f3n acad\u00e9mica Licenciado en Econom\u00eda, Estudios de maestr\u00eda y doctorado en la Facultad de Econom\u00eda, UNAM, con grado de Dr. en Econom\u00eda, por la Divisi\u00f3n de Estudios de Posgrado de la Facultad de Econom\u00eda, UNAM. Diplomado en contabilidad social, Facultad de Econom\u00eda. \u00c1reas de [&hellip;]\" \/>\n<meta property=\"og:url\" content=\"https:\/\/cesog.net\/index.php\/2023\/09\/26\/jose-vargas-mendoza\/\" \/>\n<meta property=\"og:site_name\" content=\"Centro de Estudios del Orden Global\" \/>\n<meta property=\"article:published_time\" content=\"2023-09-26T19:30:27+00:00\" \/>\n<meta property=\"article:modified_time\" content=\"2025-09-06T01:13:17+00:00\" \/>\n<meta property=\"og:image\" content=\"https:\/\/cesog.net\/wp-content\/uploads\/2023\/09\/user.png\" \/>\n\t<meta property=\"og:image:width\" content=\"400\" \/>\n\t<meta property=\"og:image:height\" content=\"400\" \/>\n\t<meta property=\"og:image:type\" content=\"image\/png\" \/>\n<meta name=\"author\" content=\"admin\" \/>\n<meta name=\"twitter:card\" content=\"summary_large_image\" \/>\n<meta name=\"twitter:label1\" content=\"Escrito por\" \/>\n\t<meta name=\"twitter:data1\" content=\"admin\" \/>\n\t<meta name=\"twitter:label2\" content=\"Tiempo de lectura\" \/>\n\t<meta name=\"twitter:data2\" content=\"4 minutos\" \/>\n<script type=\"application\/ld+json\" class=\"yoast-schema-graph\">{\"@context\":\"https:\/\/schema.org\",\"@graph\":[{\"@type\":\"WebPage\",\"@id\":\"https:\/\/cesog.net\/index.php\/2023\/09\/26\/jose-vargas-mendoza\/\",\"url\":\"https:\/\/cesog.net\/index.php\/2023\/09\/26\/jose-vargas-mendoza\/\",\"name\":\"Jos\u00e9 Vargas Mendoza - Centro de Estudios del Orden Global\",\"isPartOf\":{\"@id\":\"https:\/\/cesog.net\/#website\"},\"primaryImageOfPage\":{\"@id\":\"https:\/\/cesog.net\/index.php\/2023\/09\/26\/jose-vargas-mendoza\/#primaryimage\"},\"image\":{\"@id\":\"https:\/\/cesog.net\/index.php\/2023\/09\/26\/jose-vargas-mendoza\/#primaryimage\"},\"thumbnailUrl\":\"https:\/\/cesog.net\/wp-content\/uploads\/2023\/09\/user.png\",\"datePublished\":\"2023-09-26T19:30:27+00:00\",\"dateModified\":\"2025-09-06T01:13:17+00:00\",\"author\":{\"@id\":\"https:\/\/cesog.net\/#\/schema\/person\/22c7f7fa4e7ce071f9877de55d82ed8f\"},\"breadcrumb\":{\"@id\":\"https:\/\/cesog.net\/index.php\/2023\/09\/26\/jose-vargas-mendoza\/#breadcrumb\"},\"inLanguage\":\"es\",\"potentialAction\":[{\"@type\":\"ReadAction\",\"target\":[\"https:\/\/cesog.net\/index.php\/2023\/09\/26\/jose-vargas-mendoza\/\"]}]},{\"@type\":\"ImageObject\",\"inLanguage\":\"es\",\"@id\":\"https:\/\/cesog.net\/index.php\/2023\/09\/26\/jose-vargas-mendoza\/#primaryimage\",\"url\":\"https:\/\/cesog.net\/wp-content\/uploads\/2023\/09\/user.png\",\"contentUrl\":\"https:\/\/cesog.net\/wp-content\/uploads\/2023\/09\/user.png\",\"width\":400,\"height\":400},{\"@type\":\"BreadcrumbList\",\"@id\":\"https:\/\/cesog.net\/index.php\/2023\/09\/26\/jose-vargas-mendoza\/#breadcrumb\",\"itemListElement\":[{\"@type\":\"ListItem\",\"position\":1,\"name\":\"Portada\",\"item\":\"https:\/\/cesog.net\/\"},{\"@type\":\"ListItem\",\"position\":2,\"name\":\"Jos\u00e9 Vargas Mendoza\"}]},{\"@type\":\"WebSite\",\"@id\":\"https:\/\/cesog.net\/#website\",\"url\":\"https:\/\/cesog.net\/\",\"name\":\"Centro de Estudios del Orden Global\",\"description\":\"\",\"potentialAction\":[{\"@type\":\"SearchAction\",\"target\":{\"@type\":\"EntryPoint\",\"urlTemplate\":\"https:\/\/cesog.net\/?s={search_term_string}\"},\"query-input\":{\"@type\":\"PropertyValueSpecification\",\"valueRequired\":true,\"valueName\":\"search_term_string\"}}],\"inLanguage\":\"es\"},{\"@type\":\"Person\",\"@id\":\"https:\/\/cesog.net\/#\/schema\/person\/22c7f7fa4e7ce071f9877de55d82ed8f\",\"name\":\"admin\",\"image\":{\"@type\":\"ImageObject\",\"inLanguage\":\"es\",\"@id\":\"https:\/\/cesog.net\/#\/schema\/person\/image\/\",\"url\":\"https:\/\/secure.gravatar.com\/avatar\/5045e44dab58ffe4a4cba55a1f591a07eea80779adb4a035faae79461584e395?s=96&d=mm&r=g\",\"contentUrl\":\"https:\/\/secure.gravatar.com\/avatar\/5045e44dab58ffe4a4cba55a1f591a07eea80779adb4a035faae79461584e395?s=96&d=mm&r=g\",\"caption\":\"admin\"},\"sameAs\":[\"https:\/\/cesog.net\"],\"url\":\"https:\/\/cesog.net\/index.php\/author\/admin\/\"}]}<\/script>\n<!-- \/ Yoast SEO plugin. -->","yoast_head_json":{"title":"Jos\u00e9 Vargas Mendoza - Centro de Estudios del Orden Global","robots":{"index":"index","follow":"follow","max-snippet":"max-snippet:-1","max-image-preview":"max-image-preview:large","max-video-preview":"max-video-preview:-1"},"canonical":"https:\/\/cesog.net\/index.php\/2023\/09\/26\/jose-vargas-mendoza\/","og_locale":"es_MX","og_type":"article","og_title":"Jos\u00e9 Vargas Mendoza - Centro de Estudios del Orden Global","og_description":"PROFESOR TITULAR C DE TIEMPO COMPLETO DEFINITIVO, FACULTAD DE ECONOM\u00cdA, UNAM. Formaci\u00f3n acad\u00e9mica Licenciado en Econom\u00eda, Estudios de maestr\u00eda y doctorado en la Facultad de Econom\u00eda, UNAM, con grado de Dr. en Econom\u00eda, por la Divisi\u00f3n de Estudios de Posgrado de la Facultad de Econom\u00eda, UNAM. Diplomado en contabilidad social, Facultad de Econom\u00eda. \u00c1reas de [&hellip;]","og_url":"https:\/\/cesog.net\/index.php\/2023\/09\/26\/jose-vargas-mendoza\/","og_site_name":"Centro de Estudios del Orden Global","article_published_time":"2023-09-26T19:30:27+00:00","article_modified_time":"2025-09-06T01:13:17+00:00","og_image":[{"width":400,"height":400,"url":"https:\/\/cesog.net\/wp-content\/uploads\/2023\/09\/user.png","type":"image\/png"}],"author":"admin","twitter_card":"summary_large_image","twitter_misc":{"Escrito por":"admin","Tiempo de lectura":"4 minutos"},"schema":{"@context":"https:\/\/schema.org","@graph":[{"@type":"WebPage","@id":"https:\/\/cesog.net\/index.php\/2023\/09\/26\/jose-vargas-mendoza\/","url":"https:\/\/cesog.net\/index.php\/2023\/09\/26\/jose-vargas-mendoza\/","name":"Jos\u00e9 Vargas Mendoza - Centro de Estudios del Orden Global","isPartOf":{"@id":"https:\/\/cesog.net\/#website"},"primaryImageOfPage":{"@id":"https:\/\/cesog.net\/index.php\/2023\/09\/26\/jose-vargas-mendoza\/#primaryimage"},"image":{"@id":"https:\/\/cesog.net\/index.php\/2023\/09\/26\/jose-vargas-mendoza\/#primaryimage"},"thumbnailUrl":"https:\/\/cesog.net\/wp-content\/uploads\/2023\/09\/user.png","datePublished":"2023-09-26T19:30:27+00:00","dateModified":"2025-09-06T01:13:17+00:00","author":{"@id":"https:\/\/cesog.net\/#\/schema\/person\/22c7f7fa4e7ce071f9877de55d82ed8f"},"breadcrumb":{"@id":"https:\/\/cesog.net\/index.php\/2023\/09\/26\/jose-vargas-mendoza\/#breadcrumb"},"inLanguage":"es","potentialAction":[{"@type":"ReadAction","target":["https:\/\/cesog.net\/index.php\/2023\/09\/26\/jose-vargas-mendoza\/"]}]},{"@type":"ImageObject","inLanguage":"es","@id":"https:\/\/cesog.net\/index.php\/2023\/09\/26\/jose-vargas-mendoza\/#primaryimage","url":"https:\/\/cesog.net\/wp-content\/uploads\/2023\/09\/user.png","contentUrl":"https:\/\/cesog.net\/wp-content\/uploads\/2023\/09\/user.png","width":400,"height":400},{"@type":"BreadcrumbList","@id":"https:\/\/cesog.net\/index.php\/2023\/09\/26\/jose-vargas-mendoza\/#breadcrumb","itemListElement":[{"@type":"ListItem","position":1,"name":"Portada","item":"https:\/\/cesog.net\/"},{"@type":"ListItem","position":2,"name":"Jos\u00e9 Vargas Mendoza"}]},{"@type":"WebSite","@id":"https:\/\/cesog.net\/#website","url":"https:\/\/cesog.net\/","name":"Centro de Estudios del Orden Global","description":"","potentialAction":[{"@type":"SearchAction","target":{"@type":"EntryPoint","urlTemplate":"https:\/\/cesog.net\/?s={search_term_string}"},"query-input":{"@type":"PropertyValueSpecification","valueRequired":true,"valueName":"search_term_string"}}],"inLanguage":"es"},{"@type":"Person","@id":"https:\/\/cesog.net\/#\/schema\/person\/22c7f7fa4e7ce071f9877de55d82ed8f","name":"admin","image":{"@type":"ImageObject","inLanguage":"es","@id":"https:\/\/cesog.net\/#\/schema\/person\/image\/","url":"https:\/\/secure.gravatar.com\/avatar\/5045e44dab58ffe4a4cba55a1f591a07eea80779adb4a035faae79461584e395?s=96&d=mm&r=g","contentUrl":"https:\/\/secure.gravatar.com\/avatar\/5045e44dab58ffe4a4cba55a1f591a07eea80779adb4a035faae79461584e395?s=96&d=mm&r=g","caption":"admin"},"sameAs":["https:\/\/cesog.net"],"url":"https:\/\/cesog.net\/index.php\/author\/admin\/"}]}},"_links":{"self":[{"href":"https:\/\/cesog.net\/index.php\/wp-json\/wp\/v2\/posts\/215","targetHints":{"allow":["GET"]}}],"collection":[{"href":"https:\/\/cesog.net\/index.php\/wp-json\/wp\/v2\/posts"}],"about":[{"href":"https:\/\/cesog.net\/index.php\/wp-json\/wp\/v2\/types\/post"}],"author":[{"embeddable":true,"href":"https:\/\/cesog.net\/index.php\/wp-json\/wp\/v2\/users\/1"}],"replies":[{"embeddable":true,"href":"https:\/\/cesog.net\/index.php\/wp-json\/wp\/v2\/comments?post=215"}],"version-history":[{"count":14,"href":"https:\/\/cesog.net\/index.php\/wp-json\/wp\/v2\/posts\/215\/revisions"}],"predecessor-version":[{"id":1562,"href":"https:\/\/cesog.net\/index.php\/wp-json\/wp\/v2\/posts\/215\/revisions\/1562"}],"wp:featuredmedia":[{"embeddable":true,"href":"https:\/\/cesog.net\/index.php\/wp-json\/wp\/v2\/media\/134"}],"wp:attachment":[{"href":"https:\/\/cesog.net\/index.php\/wp-json\/wp\/v2\/media?parent=215"}],"wp:term":[{"taxonomy":"category","embeddable":true,"href":"https:\/\/cesog.net\/index.php\/wp-json\/wp\/v2\/categories?post=215"},{"taxonomy":"post_tag","embeddable":true,"href":"https:\/\/cesog.net\/index.php\/wp-json\/wp\/v2\/tags?post=215"}],"curies":[{"name":"wp","href":"https:\/\/api.w.org\/{rel}","templated":true}]}}