{"id":248,"date":"2023-09-29T16:32:58","date_gmt":"2023-09-29T16:32:58","guid":{"rendered":"https:\/\/cesog.net\/?p=248"},"modified":"2023-11-09T19:57:24","modified_gmt":"2023-11-09T19:57:24","slug":"la-teoria-de-las-ondas-largas-y-la-crisis-capitalista-mundial","status":"publish","type":"post","link":"https:\/\/cesog.net\/index.php\/2023\/09\/29\/la-teoria-de-las-ondas-largas-y-la-crisis-capitalista-mundial\/","title":{"rendered":"La teor\u00eda de las ondas largas y la crisis capitalista mundial"},"content":{"rendered":"\n<p>Un gusto estar nuevamente en la Escuela Superior de Econom\u00eda, dialogando con excelentes colegas. Discutiremos la vigencia de la obra de Marx, la teor\u00eda de las ondas largas y la crisis capitalista mundial<br>Este mi\u00e9rcoles 27 de septiembre a las 16:00hrs.<\/p>\n\n\n\n<figure class=\"wp-block-image size-full\"><img loading=\"lazy\" decoding=\"async\" width=\"742\" height=\"957\" src=\"https:\/\/cesog.net\/wp-content\/uploads\/2023\/09\/IMG-20230927-WA0003.jpg\" alt=\"\" class=\"wp-image-249\" srcset=\"https:\/\/cesog.net\/wp-content\/uploads\/2023\/09\/IMG-20230927-WA0003.jpg 742w, https:\/\/cesog.net\/wp-content\/uploads\/2023\/09\/IMG-20230927-WA0003-233x300.jpg 233w\" sizes=\"auto, (max-width: 742px) 100vw, 742px\" \/><\/figure>\n","protected":false},"excerpt":{"rendered":"<p>Un gusto estar nuevamente en la Escuela Superior de Econom\u00eda, dialogando con excelentes colegas. Discutiremos la vigencia de la obra de Marx, la teor\u00eda de las ondas largas y la crisis capitalista mundialEste mi\u00e9rcoles 27 de septiembre a las 16:00hrs.<\/p>\n","protected":false},"author":1,"featured_media":0,"comment_status":"open","ping_status":"closed","sticky":false,"template":"","format":"standard","meta":{"footnotes":""},"categories":[14],"tags":[],"class_list":["post-248","post","type-post","status-publish","format-standard","hentry","category-actividades"],"yoast_head":"<!-- This site is optimized with the Yoast SEO plugin v25.6 - https:\/\/yoast.com\/wordpress\/plugins\/seo\/ -->\n<title>La teor\u00eda de las ondas largas y la crisis capitalista mundial - Centro de Estudios del Orden Global<\/title>\n<meta name=\"robots\" content=\"index, follow, max-snippet:-1, max-image-preview:large, max-video-preview:-1\" \/>\n<link rel=\"canonical\" href=\"https:\/\/cesog.net\/index.php\/2023\/09\/29\/la-teoria-de-las-ondas-largas-y-la-crisis-capitalista-mundial\/\" \/>\n<meta property=\"og:locale\" content=\"es_MX\" \/>\n<meta property=\"og:type\" content=\"article\" \/>\n<meta property=\"og:title\" content=\"La teor\u00eda de las ondas largas y la crisis capitalista mundial - Centro de Estudios del Orden Global\" \/>\n<meta property=\"og:description\" content=\"Un gusto estar nuevamente en la Escuela Superior de Econom\u00eda, dialogando con excelentes colegas. Discutiremos la vigencia de la obra de Marx, la teor\u00eda de las ondas largas y la crisis capitalista mundialEste mi\u00e9rcoles 27 de septiembre a las 16:00hrs.\" \/>\n<meta property=\"og:url\" content=\"https:\/\/cesog.net\/index.php\/2023\/09\/29\/la-teoria-de-las-ondas-largas-y-la-crisis-capitalista-mundial\/\" \/>\n<meta property=\"og:site_name\" content=\"Centro de Estudios del Orden Global\" \/>\n<meta property=\"article:published_time\" content=\"2023-09-29T16:32:58+00:00\" \/>\n<meta property=\"article:modified_time\" content=\"2023-11-09T19:57:24+00:00\" \/>\n<meta property=\"og:image\" content=\"https:\/\/cesog.net\/wp-content\/uploads\/2023\/09\/IMG-20230927-WA0003.jpg\" \/>\n<meta name=\"author\" content=\"admin\" \/>\n<meta name=\"twitter:card\" content=\"summary_large_image\" \/>\n<meta name=\"twitter:label1\" content=\"Escrito por\" \/>\n\t<meta name=\"twitter:data1\" content=\"admin\" \/>\n\t<meta name=\"twitter:label2\" content=\"Tiempo de lectura\" \/>\n\t<meta name=\"twitter:data2\" content=\"1 minuto\" \/>\n<script type=\"application\/ld+json\" class=\"yoast-schema-graph\">{\"@context\":\"https:\/\/schema.org\",\"@graph\":[{\"@type\":\"WebPage\",\"@id\":\"https:\/\/cesog.net\/index.php\/2023\/09\/29\/la-teoria-de-las-ondas-largas-y-la-crisis-capitalista-mundial\/\",\"url\":\"https:\/\/cesog.net\/index.php\/2023\/09\/29\/la-teoria-de-las-ondas-largas-y-la-crisis-capitalista-mundial\/\",\"name\":\"La teor\u00eda de las ondas largas y la crisis capitalista mundial - Centro de Estudios del Orden Global\",\"isPartOf\":{\"@id\":\"https:\/\/cesog.net\/#website\"},\"primaryImageOfPage\":{\"@id\":\"https:\/\/cesog.net\/index.php\/2023\/09\/29\/la-teoria-de-las-ondas-largas-y-la-crisis-capitalista-mundial\/#primaryimage\"},\"image\":{\"@id\":\"https:\/\/cesog.net\/index.php\/2023\/09\/29\/la-teoria-de-las-ondas-largas-y-la-crisis-capitalista-mundial\/#primaryimage\"},\"thumbnailUrl\":\"https:\/\/cesog.net\/wp-content\/uploads\/2023\/09\/IMG-20230927-WA0003.jpg\",\"datePublished\":\"2023-09-29T16:32:58+00:00\",\"dateModified\":\"2023-11-09T19:57:24+00:00\",\"author\":{\"@id\":\"https:\/\/cesog.net\/#\/schema\/person\/22c7f7fa4e7ce071f9877de55d82ed8f\"},\"breadcrumb\":{\"@id\":\"https:\/\/cesog.net\/index.php\/2023\/09\/29\/la-teoria-de-las-ondas-largas-y-la-crisis-capitalista-mundial\/#breadcrumb\"},\"inLanguage\":\"es\",\"potentialAction\":[{\"@type\":\"ReadAction\",\"target\":[\"https:\/\/cesog.net\/index.php\/2023\/09\/29\/la-teoria-de-las-ondas-largas-y-la-crisis-capitalista-mundial\/\"]}]},{\"@type\":\"ImageObject\",\"inLanguage\":\"es\",\"@id\":\"https:\/\/cesog.net\/index.php\/2023\/09\/29\/la-teoria-de-las-ondas-largas-y-la-crisis-capitalista-mundial\/#primaryimage\",\"url\":\"https:\/\/cesog.net\/wp-content\/uploads\/2023\/09\/IMG-20230927-WA0003.jpg\",\"contentUrl\":\"https:\/\/cesog.net\/wp-content\/uploads\/2023\/09\/IMG-20230927-WA0003.jpg\",\"width\":742,\"height\":957},{\"@type\":\"BreadcrumbList\",\"@id\":\"https:\/\/cesog.net\/index.php\/2023\/09\/29\/la-teoria-de-las-ondas-largas-y-la-crisis-capitalista-mundial\/#breadcrumb\",\"itemListElement\":[{\"@type\":\"ListItem\",\"position\":1,\"name\":\"Portada\",\"item\":\"https:\/\/cesog.net\/\"},{\"@type\":\"ListItem\",\"position\":2,\"name\":\"La teor\u00eda de las ondas largas y la crisis capitalista mundial\"}]},{\"@type\":\"WebSite\",\"@id\":\"https:\/\/cesog.net\/#website\",\"url\":\"https:\/\/cesog.net\/\",\"name\":\"Centro de Estudios del Orden Global\",\"description\":\"\",\"potentialAction\":[{\"@type\":\"SearchAction\",\"target\":{\"@type\":\"EntryPoint\",\"urlTemplate\":\"https:\/\/cesog.net\/?s={search_term_string}\"},\"query-input\":{\"@type\":\"PropertyValueSpecification\",\"valueRequired\":true,\"valueName\":\"search_term_string\"}}],\"inLanguage\":\"es\"},{\"@type\":\"Person\",\"@id\":\"https:\/\/cesog.net\/#\/schema\/person\/22c7f7fa4e7ce071f9877de55d82ed8f\",\"name\":\"admin\",\"image\":{\"@type\":\"ImageObject\",\"inLanguage\":\"es\",\"@id\":\"https:\/\/cesog.net\/#\/schema\/person\/image\/\",\"url\":\"https:\/\/secure.gravatar.com\/avatar\/5045e44dab58ffe4a4cba55a1f591a07eea80779adb4a035faae79461584e395?s=96&d=mm&r=g\",\"contentUrl\":\"https:\/\/secure.gravatar.com\/avatar\/5045e44dab58ffe4a4cba55a1f591a07eea80779adb4a035faae79461584e395?s=96&d=mm&r=g\",\"caption\":\"admin\"},\"sameAs\":[\"https:\/\/cesog.net\"],\"url\":\"https:\/\/cesog.net\/index.php\/author\/admin\/\"}]}<\/script>\n<!-- \/ Yoast SEO plugin. -->","yoast_head_json":{"title":"La teor\u00eda de las ondas largas y la crisis capitalista mundial - Centro de Estudios del Orden Global","robots":{"index":"index","follow":"follow","max-snippet":"max-snippet:-1","max-image-preview":"max-image-preview:large","max-video-preview":"max-video-preview:-1"},"canonical":"https:\/\/cesog.net\/index.php\/2023\/09\/29\/la-teoria-de-las-ondas-largas-y-la-crisis-capitalista-mundial\/","og_locale":"es_MX","og_type":"article","og_title":"La teor\u00eda de las ondas largas y la crisis capitalista mundial - Centro de Estudios del Orden Global","og_description":"Un gusto estar nuevamente en la Escuela Superior de Econom\u00eda, dialogando con excelentes colegas. Discutiremos la vigencia de la obra de Marx, la teor\u00eda de las ondas largas y la crisis capitalista mundialEste mi\u00e9rcoles 27 de septiembre a las 16:00hrs.","og_url":"https:\/\/cesog.net\/index.php\/2023\/09\/29\/la-teoria-de-las-ondas-largas-y-la-crisis-capitalista-mundial\/","og_site_name":"Centro de Estudios del Orden Global","article_published_time":"2023-09-29T16:32:58+00:00","article_modified_time":"2023-11-09T19:57:24+00:00","og_image":[{"url":"https:\/\/cesog.net\/wp-content\/uploads\/2023\/09\/IMG-20230927-WA0003.jpg","type":"","width":"","height":""}],"author":"admin","twitter_card":"summary_large_image","twitter_misc":{"Escrito por":"admin","Tiempo de lectura":"1 minuto"},"schema":{"@context":"https:\/\/schema.org","@graph":[{"@type":"WebPage","@id":"https:\/\/cesog.net\/index.php\/2023\/09\/29\/la-teoria-de-las-ondas-largas-y-la-crisis-capitalista-mundial\/","url":"https:\/\/cesog.net\/index.php\/2023\/09\/29\/la-teoria-de-las-ondas-largas-y-la-crisis-capitalista-mundial\/","name":"La teor\u00eda de las ondas largas y la crisis capitalista mundial - Centro de Estudios del Orden Global","isPartOf":{"@id":"https:\/\/cesog.net\/#website"},"primaryImageOfPage":{"@id":"https:\/\/cesog.net\/index.php\/2023\/09\/29\/la-teoria-de-las-ondas-largas-y-la-crisis-capitalista-mundial\/#primaryimage"},"image":{"@id":"https:\/\/cesog.net\/index.php\/2023\/09\/29\/la-teoria-de-las-ondas-largas-y-la-crisis-capitalista-mundial\/#primaryimage"},"thumbnailUrl":"https:\/\/cesog.net\/wp-content\/uploads\/2023\/09\/IMG-20230927-WA0003.jpg","datePublished":"2023-09-29T16:32:58+00:00","dateModified":"2023-11-09T19:57:24+00:00","author":{"@id":"https:\/\/cesog.net\/#\/schema\/person\/22c7f7fa4e7ce071f9877de55d82ed8f"},"breadcrumb":{"@id":"https:\/\/cesog.net\/index.php\/2023\/09\/29\/la-teoria-de-las-ondas-largas-y-la-crisis-capitalista-mundial\/#breadcrumb"},"inLanguage":"es","potentialAction":[{"@type":"ReadAction","target":["https:\/\/cesog.net\/index.php\/2023\/09\/29\/la-teoria-de-las-ondas-largas-y-la-crisis-capitalista-mundial\/"]}]},{"@type":"ImageObject","inLanguage":"es","@id":"https:\/\/cesog.net\/index.php\/2023\/09\/29\/la-teoria-de-las-ondas-largas-y-la-crisis-capitalista-mundial\/#primaryimage","url":"https:\/\/cesog.net\/wp-content\/uploads\/2023\/09\/IMG-20230927-WA0003.jpg","contentUrl":"https:\/\/cesog.net\/wp-content\/uploads\/2023\/09\/IMG-20230927-WA0003.jpg","width":742,"height":957},{"@type":"BreadcrumbList","@id":"https:\/\/cesog.net\/index.php\/2023\/09\/29\/la-teoria-de-las-ondas-largas-y-la-crisis-capitalista-mundial\/#breadcrumb","itemListElement":[{"@type":"ListItem","position":1,"name":"Portada","item":"https:\/\/cesog.net\/"},{"@type":"ListItem","position":2,"name":"La teor\u00eda de las ondas largas y la crisis capitalista mundial"}]},{"@type":"WebSite","@id":"https:\/\/cesog.net\/#website","url":"https:\/\/cesog.net\/","name":"Centro de Estudios del Orden Global","description":"","potentialAction":[{"@type":"SearchAction","target":{"@type":"EntryPoint","urlTemplate":"https:\/\/cesog.net\/?s={search_term_string}"},"query-input":{"@type":"PropertyValueSpecification","valueRequired":true,"valueName":"search_term_string"}}],"inLanguage":"es"},{"@type":"Person","@id":"https:\/\/cesog.net\/#\/schema\/person\/22c7f7fa4e7ce071f9877de55d82ed8f","name":"admin","image":{"@type":"ImageObject","inLanguage":"es","@id":"https:\/\/cesog.net\/#\/schema\/person\/image\/","url":"https:\/\/secure.gravatar.com\/avatar\/5045e44dab58ffe4a4cba55a1f591a07eea80779adb4a035faae79461584e395?s=96&d=mm&r=g","contentUrl":"https:\/\/secure.gravatar.com\/avatar\/5045e44dab58ffe4a4cba55a1f591a07eea80779adb4a035faae79461584e395?s=96&d=mm&r=g","caption":"admin"},"sameAs":["https:\/\/cesog.net"],"url":"https:\/\/cesog.net\/index.php\/author\/admin\/"}]}},"_links":{"self":[{"href":"https:\/\/cesog.net\/index.php\/wp-json\/wp\/v2\/posts\/248","targetHints":{"allow":["GET"]}}],"collection":[{"href":"https:\/\/cesog.net\/index.php\/wp-json\/wp\/v2\/posts"}],"about":[{"href":"https:\/\/cesog.net\/index.php\/wp-json\/wp\/v2\/types\/post"}],"author":[{"embeddable":true,"href":"https:\/\/cesog.net\/index.php\/wp-json\/wp\/v2\/users\/1"}],"replies":[{"embeddable":true,"href":"https:\/\/cesog.net\/index.php\/wp-json\/wp\/v2\/comments?post=248"}],"version-history":[{"count":1,"href":"https:\/\/cesog.net\/index.php\/wp-json\/wp\/v2\/posts\/248\/revisions"}],"predecessor-version":[{"id":250,"href":"https:\/\/cesog.net\/index.php\/wp-json\/wp\/v2\/posts\/248\/revisions\/250"}],"wp:attachment":[{"href":"https:\/\/cesog.net\/index.php\/wp-json\/wp\/v2\/media?parent=248"}],"wp:term":[{"taxonomy":"category","embeddable":true,"href":"https:\/\/cesog.net\/index.php\/wp-json\/wp\/v2\/categories?post=248"},{"taxonomy":"post_tag","embeddable":true,"href":"https:\/\/cesog.net\/index.php\/wp-json\/wp\/v2\/tags?post=248"}],"curies":[{"name":"wp","href":"https:\/\/api.w.org\/{rel}","templated":true}]}}